{"id":202,"date":"2023-12-21T01:50:33","date_gmt":"2023-12-21T00:50:33","guid":{"rendered":"https:\/\/aloum2.afrimvoe.net\/?p=202"},"modified":"2023-12-21T01:53:56","modified_gmt":"2023-12-21T00:53:56","slug":"la-case-a-palabre-un-lieu-de-rencontre-et-de-resolution-de-conflits-au-coeur-du-village-aloum-2","status":"publish","type":"post","link":"https:\/\/aloum2.afrimvoe.net\/index.php\/2023\/12\/21\/la-case-a-palabre-un-lieu-de-rencontre-et-de-resolution-de-conflits-au-coeur-du-village-aloum-2\/","title":{"rendered":"L&rsquo;arbre \u00e0 Palabre, un lieu de rencontre et de r\u00e9solution de conflits au c\u0153ur du village Aloum 2"},"content":{"rendered":"\n<p><\/p>\n\n\n\n<p class=\"has-medium-font-size\">Au sein du village Aloum 2, il existe un <strong>lieu embl\u00e9matique et charg\u00e9 d&rsquo;histoire<\/strong> : l<strong>&lsquo;arbre \u00e0 palabre<\/strong>. Cet arbre est l&rsquo;endroit o\u00f9 les habitants se r\u00e9unissent pour discuter, d\u00e9lib\u00e9rer et r\u00e9soudre les probl\u00e8mes communautaires.<\/p>\n\n\n\n<p class=\"has-medium-font-size\"><strong>L&rsquo;arbre \u00e0 palabre,  est un symbole de la tradition et de la culture africaine.<\/strong> C&rsquo;est un lieu sacr\u00e9 o\u00f9<strong> la parole est libre<\/strong> et o\u00f9 chacun peut exprimer ses id\u00e9es, opinions et points de vue. Les hommes, les femmes et les anciens du village se rassemblent ici pour \u00e9changer sur des sujets vari\u00e9s, tels que <strong>la politique, les conflits, les d\u00e9cisions importantes concernant la communaut\u00e9, mais aussi pour partager des histoires, des l\u00e9gendes et des conseils<\/strong>.<\/p>\n\n\n\n<p class=\"has-medium-font-size\">Cet espace de discussion permet \u00e9galement de renforcer la coh\u00e9sion sociale et de maintenir les liens interg\u00e9n\u00e9rationnels. Les anciens transmettent leur sagesse et leur exp\u00e9rience aux plus jeunes, qui, \u00e0 leur tour, contribuent avec leurs id\u00e9es et leurs perspectives. Les d\u00e9bats peuvent parfois \u00eatre anim\u00e9s et passionn\u00e9s, mais ils se d\u00e9roulent toujours dans le respect et l&rsquo;\u00e9coute mutuelle.<\/p>\n\n\n\n<p class=\"has-medium-font-size\"><strong>L&rsquo;arbre \u00e0 palabre rev\u00eat \u00e9galement une dimension symbolique importante.<\/strong>  Cet arbre renforce le sentiment d&rsquo;appartenance \u00e0 la communaut\u00e9 et rappellent les valeurs et les traditions du village.<\/p>\n\n\n\n<p class=\"has-medium-font-size\">Outre son r\u00f4le social et culturel, l&rsquo;arbre \u00e0 palabre a \u00e9galement une fonction judiciaire. En effet, certaines affaires de justice sont trait\u00e9es dans ce lieu, les villageois peuvent y trouver une solution \u00e0 leurs conflits, sans avoir recours au tribunal formel. Cette pratique traditionnelle contribue \u00e0 la r\u00e9solution pacifique des diff\u00e9rends et permet d&rsquo;\u00e9conomiser du temps et des ressources.<\/p>\n\n\n\n<p class=\"has-medium-font-size\">Malgr\u00e9 les \u00e9volutions de la soci\u00e9t\u00e9 moderne, <strong>l&rsquo;arbre \u00e0 palabre du village Aloum 2 continue de jouer un r\u00f4le central dans la vie quotidienne des habitants<\/strong>. Il demeure un espace o\u00f9 les valeurs traditionnelles sont pr\u00e9serv\u00e9es, o\u00f9 les discussions sont enrichissantes et o\u00f9 la solidarit\u00e9 communautaire se renforce.<\/p>\n\n\n\n<p class=\"has-medium-font-size\">En conclusion, l&rsquo;arbre \u00e0 palabre du village Aloum 2 incarne l&rsquo;essence m\u00eame de la culture et de la tradition africaine. Il est le lieu o\u00f9 les habitants se r\u00e9unissent pour \u00e9changer, d\u00e9battre et r\u00e9soudre pacifiquement les probl\u00e8mes qui les concernent. C&rsquo;est un symbole de coh\u00e9sion sociale, d&rsquo;\u00e9coute mutuelle et de respect des anciens. Malgr\u00e9 les d\u00e9fis de la modernit\u00e9, l&rsquo;arbre \u00e0 palabre reste ancr\u00e9e dans le quotidien du village, pr\u00e9servant ainsi son importance et sa valeur pour les g\u00e9n\u00e9rations pr\u00e9sentes et futures.<\/p>\n","protected":false},"excerpt":{"rendered":"<p>Au sein du village Aloum 2, il existe un lieu embl\u00e9matique et charg\u00e9 d&rsquo;histoire : l&lsquo;arbre \u00e0 palabre. Cet arbre est l&rsquo;endroit o\u00f9 les habitants se r\u00e9unissent pour discuter, d\u00e9lib\u00e9rer et r\u00e9soudre les probl\u00e8mes communautaires. L&rsquo;arbre \u00e0 palabre, est un symbole de la tradition et de la culture africaine. C&rsquo;est un lieu sacr\u00e9 o\u00f9 la parole est libre et o\u00f9 [&hellip;]<\/p>\n","protected":false},"author":1,"featured_media":199,"comment_status":"open","ping_status":"open","sticky":false,"template":"","format":"standard","meta":{"footnotes":""},"categories":[12],"tags":[],"class_list":["post-202","post","type-post","status-publish","format-standard","has-post-thumbnail","hentry","category-lieux-mythiques"],"_links":{"self":[{"href":"https:\/\/aloum2.afrimvoe.net\/index.php\/wp-json\/wp\/v2\/posts\/202","targetHints":{"allow":["GET"]}}],"collection":[{"href":"https:\/\/aloum2.afrimvoe.net\/index.php\/wp-json\/wp\/v2\/posts"}],"about":[{"href":"https:\/\/aloum2.afrimvoe.net\/index.php\/wp-json\/wp\/v2\/types\/post"}],"author":[{"embeddable":true,"href":"https:\/\/aloum2.afrimvoe.net\/index.php\/wp-json\/wp\/v2\/users\/1"}],"replies":[{"embeddable":true,"href":"https:\/\/aloum2.afrimvoe.net\/index.php\/wp-json\/wp\/v2\/comments?post=202"}],"version-history":[{"count":3,"href":"https:\/\/aloum2.afrimvoe.net\/index.php\/wp-json\/wp\/v2\/posts\/202\/revisions"}],"predecessor-version":[{"id":205,"href":"https:\/\/aloum2.afrimvoe.net\/index.php\/wp-json\/wp\/v2\/posts\/202\/revisions\/205"}],"wp:featuredmedia":[{"embeddable":true,"href":"https:\/\/aloum2.afrimvoe.net\/index.php\/wp-json\/wp\/v2\/media\/199"}],"wp:attachment":[{"href":"https:\/\/aloum2.afrimvoe.net\/index.php\/wp-json\/wp\/v2\/media?parent=202"}],"wp:term":[{"taxonomy":"category","embeddable":true,"href":"https:\/\/aloum2.afrimvoe.net\/index.php\/wp-json\/wp\/v2\/categories?post=202"},{"taxonomy":"post_tag","embeddable":true,"href":"https:\/\/aloum2.afrimvoe.net\/index.php\/wp-json\/wp\/v2\/tags?post=202"}],"curies":[{"name":"wp","href":"https:\/\/api.w.org\/{rel}","templated":true}]}}