{"id":316,"date":"2025-04-14T01:01:11","date_gmt":"2025-04-13T23:01:11","guid":{"rendered":"https:\/\/aloum2.afrimvoe.net\/?p=316"},"modified":"2025-04-14T01:04:31","modified_gmt":"2025-04-13T23:04:31","slug":"la-construction-du-palais-des-congres-daloum-2-un-symbole-dunite-et-de-tradition","status":"publish","type":"post","link":"https:\/\/aloum2.afrimvoe.net\/index.php\/2025\/04\/14\/la-construction-du-palais-des-congres-daloum-2-un-symbole-dunite-et-de-tradition\/","title":{"rendered":"La Construction du Palais des Congr\u00e8s d\u2019Aloum 2 : Un Symbole d\u2019Unit\u00e9 et de Tradition"},"content":{"rendered":"\n<p>Le village\u00a0<strong>Aloum 2<\/strong>\u00a0s\u2019appr\u00eate \u00e0 accueillir un \u00e9difice majestueux et charg\u00e9 de sens :\u00a0<strong>le Palais des Congr\u00e8s<\/strong>. Ce lieu, actuellement en construction, deviendra l\u2019\u00e9picentre des d\u00e9cisions communautaires, abritant les\u00a0<strong>assises des notables et du chef<\/strong>, ainsi que les grandes c\u00e9r\u00e9monies traditionnelles.<\/p>\n\n\n\n<h2 class=\"wp-block-heading\"><strong>Un Projet d\u2019Envergure pour la Communaut\u00e9<\/strong><\/h2>\n\n\n\n<p>Le Palais des Congr\u00e8s d\u2019Aloum 2 n\u2019est pas qu\u2019un simple b\u00e2timent ; c\u2019est un&nbsp;<strong>symbole d\u2019unit\u00e9, de culture et de gouvernance traditionnelle<\/strong>. Con\u00e7u pour refl\u00e9ter l\u2019identit\u00e9 du village, son architecture int\u00e8gre des \u00e9l\u00e9ments locaux tout en offrant un espace moderne et fonctionnel.<\/p>\n\n\n\n<h3 class=\"wp-block-heading\"><strong>Les Fonctions du Futur Palais<\/strong><\/h3>\n\n\n\n<ul class=\"wp-block-list\">\n<li><strong>Si\u00e8ge des assembl\u00e9es des notables<\/strong>\u00a0: Lieu de prise de d\u00e9cisions importantes pour la communaut\u00e9.<\/li>\n\n\n\n<li><strong>Espace de c\u00e9r\u00e9monies traditionnelles<\/strong>\u00a0: Mariages, intronisations, et rituels culturels.<\/li>\n\n\n\n<li><strong>Centre de rencontres et de m\u00e9diation<\/strong>\u00a0: Pour renforcer la coh\u00e9sion sociale.<\/li>\n<\/ul>\n\n\n\n<h2 class=\"wp-block-heading\"><strong>Une Construction en Cours, Porteuse d\u2019Espoir<\/strong><\/h2>\n\n\n\n<p>Les travaux avancent rapidement, avec la participation active des artisans locaux, signe de l\u2019engagement de toute la communaut\u00e9. Une fois achev\u00e9, ce palais&nbsp;<strong>renforcera le prestige d\u2019Aloum 2<\/strong>&nbsp;et servira de&nbsp;<strong>lieu de m\u00e9moire pour les g\u00e9n\u00e9rations futures<\/strong>.<\/p>\n\n\n\n<h3 class=\"wp-block-heading\"><strong>Une Fiert\u00e9 pour Aloum 2<\/strong><\/h3>\n\n\n\n<p>Ce projet illustre la volont\u00e9 de&nbsp;<strong>pr\u00e9server les traditions tout en s\u2019ouvrant au progr\u00e8s<\/strong>. Les habitants attendent avec impatience l\u2019inauguration de ce haut lieu de leur patrimoine.<\/p>\n\n\n\n<p>Restez connect\u00e9s pour suivre l\u2019\u00e9volution des travaux et la date d\u2019ouverture officielle !<\/p>\n\n\n\n<figure class=\"wp-block-gallery has-nested-images columns-default is-cropped wp-block-gallery-1 is-layout-flex wp-block-gallery-is-layout-flex\">\n<figure class=\"wp-block-image size-large\"><img fetchpriority=\"high\" decoding=\"async\" width=\"1024\" height=\"768\" data-id=\"318\" src=\"https:\/\/aloum2.afrimvoe.net\/wp-content\/uploads\/2025\/04\/const-chef1-1024x768.jpg\" alt=\"\" class=\"wp-image-318\" srcset=\"https:\/\/aloum2.afrimvoe.net\/wp-content\/uploads\/2025\/04\/const-chef1-1024x768.jpg 1024w, https:\/\/aloum2.afrimvoe.net\/wp-content\/uploads\/2025\/04\/const-chef1-300x225.jpg 300w, https:\/\/aloum2.afrimvoe.net\/wp-content\/uploads\/2025\/04\/const-chef1-768x576.jpg 768w, https:\/\/aloum2.afrimvoe.net\/wp-content\/uploads\/2025\/04\/const-chef1.jpg 1040w\" sizes=\"(max-width: 1024px) 100vw, 1024px\" \/><\/figure>\n<\/figure>\n\n\n\n<figure class=\"wp-block-image size-large\"><img decoding=\"async\" width=\"1024\" height=\"768\" src=\"https:\/\/aloum2.afrimvoe.net\/wp-content\/uploads\/2025\/04\/const-chef-2-1024x768.jpg\" alt=\"\" class=\"wp-image-319\" srcset=\"https:\/\/aloum2.afrimvoe.net\/wp-content\/uploads\/2025\/04\/const-chef-2-1024x768.jpg 1024w, https:\/\/aloum2.afrimvoe.net\/wp-content\/uploads\/2025\/04\/const-chef-2-300x225.jpg 300w, https:\/\/aloum2.afrimvoe.net\/wp-content\/uploads\/2025\/04\/const-chef-2-768x576.jpg 768w, https:\/\/aloum2.afrimvoe.net\/wp-content\/uploads\/2025\/04\/const-chef-2.jpg 1040w\" sizes=\"(max-width: 1024px) 100vw, 1024px\" \/><\/figure>\n\n\n\n<figure class=\"wp-block-gallery has-nested-images columns-default is-cropped wp-block-gallery-2 is-layout-flex wp-block-gallery-is-layout-flex\">\n<figure class=\"wp-block-image size-large\"><img decoding=\"async\" width=\"1024\" height=\"768\" data-id=\"320\" src=\"https:\/\/aloum2.afrimvoe.net\/wp-content\/uploads\/2025\/04\/const-chef3-1024x768.jpg\" alt=\"\" class=\"wp-image-320\" srcset=\"https:\/\/aloum2.afrimvoe.net\/wp-content\/uploads\/2025\/04\/const-chef3-1024x768.jpg 1024w, https:\/\/aloum2.afrimvoe.net\/wp-content\/uploads\/2025\/04\/const-chef3-300x225.jpg 300w, https:\/\/aloum2.afrimvoe.net\/wp-content\/uploads\/2025\/04\/const-chef3-768x576.jpg 768w, https:\/\/aloum2.afrimvoe.net\/wp-content\/uploads\/2025\/04\/const-chef3.jpg 1040w\" sizes=\"(max-width: 1024px) 100vw, 1024px\" \/><\/figure>\n<\/figure>\n\n\n\n<figure class=\"wp-block-image size-large\"><img loading=\"lazy\" decoding=\"async\" width=\"1024\" height=\"768\" src=\"https:\/\/aloum2.afrimvoe.net\/wp-content\/uploads\/2025\/04\/cc4-1024x768.jpg\" alt=\"\" class=\"wp-image-321\" srcset=\"https:\/\/aloum2.afrimvoe.net\/wp-content\/uploads\/2025\/04\/cc4-1024x768.jpg 1024w, https:\/\/aloum2.afrimvoe.net\/wp-content\/uploads\/2025\/04\/cc4-300x225.jpg 300w, https:\/\/aloum2.afrimvoe.net\/wp-content\/uploads\/2025\/04\/cc4-768x576.jpg 768w, https:\/\/aloum2.afrimvoe.net\/wp-content\/uploads\/2025\/04\/cc4.jpg 1040w\" sizes=\"(max-width: 1024px) 100vw, 1024px\" \/><\/figure>\n","protected":false},"excerpt":{"rendered":"<p>Le village\u00a0Aloum 2\u00a0s\u2019appr\u00eate \u00e0 accueillir un \u00e9difice majestueux et charg\u00e9 de sens :\u00a0le Palais des Congr\u00e8s. Ce lieu, actuellement en construction, deviendra l\u2019\u00e9picentre des d\u00e9cisions communautaires, abritant les\u00a0assises des notables et du chef, ainsi que les grandes c\u00e9r\u00e9monies traditionnelles. Un Projet d\u2019Envergure pour la Communaut\u00e9 Le Palais des Congr\u00e8s d\u2019Aloum 2 n\u2019est pas qu\u2019un simple b\u00e2timent ; c\u2019est un&nbsp;symbole d\u2019unit\u00e9, [&hellip;]<\/p>\n","protected":false},"author":1,"featured_media":317,"comment_status":"open","ping_status":"open","sticky":false,"template":"","format":"standard","meta":{"footnotes":""},"categories":[12,1],"tags":[18,29,30,27,28],"class_list":["post-316","post","type-post","status-publish","format-standard","has-post-thumbnail","hentry","category-lieux-mythiques","category-non-classe","tag-aloum","tag-congres","tag-construction","tag-lieux-mythiques","tag-palais"],"_links":{"self":[{"href":"https:\/\/aloum2.afrimvoe.net\/index.php\/wp-json\/wp\/v2\/posts\/316","targetHints":{"allow":["GET"]}}],"collection":[{"href":"https:\/\/aloum2.afrimvoe.net\/index.php\/wp-json\/wp\/v2\/posts"}],"about":[{"href":"https:\/\/aloum2.afrimvoe.net\/index.php\/wp-json\/wp\/v2\/types\/post"}],"author":[{"embeddable":true,"href":"https:\/\/aloum2.afrimvoe.net\/index.php\/wp-json\/wp\/v2\/users\/1"}],"replies":[{"embeddable":true,"href":"https:\/\/aloum2.afrimvoe.net\/index.php\/wp-json\/wp\/v2\/comments?post=316"}],"version-history":[{"count":2,"href":"https:\/\/aloum2.afrimvoe.net\/index.php\/wp-json\/wp\/v2\/posts\/316\/revisions"}],"predecessor-version":[{"id":323,"href":"https:\/\/aloum2.afrimvoe.net\/index.php\/wp-json\/wp\/v2\/posts\/316\/revisions\/323"}],"wp:featuredmedia":[{"embeddable":true,"href":"https:\/\/aloum2.afrimvoe.net\/index.php\/wp-json\/wp\/v2\/media\/317"}],"wp:attachment":[{"href":"https:\/\/aloum2.afrimvoe.net\/index.php\/wp-json\/wp\/v2\/media?parent=316"}],"wp:term":[{"taxonomy":"category","embeddable":true,"href":"https:\/\/aloum2.afrimvoe.net\/index.php\/wp-json\/wp\/v2\/categories?post=316"},{"taxonomy":"post_tag","embeddable":true,"href":"https:\/\/aloum2.afrimvoe.net\/index.php\/wp-json\/wp\/v2\/tags?post=316"}],"curies":[{"name":"wp","href":"https:\/\/api.w.org\/{rel}","templated":true}]}}