{"id":330,"date":"2025-04-14T01:38:53","date_gmt":"2025-04-13T23:38:53","guid":{"rendered":"https:\/\/aloum2.afrimvoe.net\/?p=330"},"modified":"2025-04-14T01:38:53","modified_gmt":"2025-04-13T23:38:53","slug":"renovation-de-lecole-prince-daloum-a-aloum-2-un-effort-communautaire-reussi","status":"publish","type":"post","link":"https:\/\/aloum2.afrimvoe.net\/index.php\/2025\/04\/14\/renovation-de-lecole-prince-daloum-a-aloum-2-un-effort-communautaire-reussi\/","title":{"rendered":"R\u00e9novation de l&rsquo;\u00e9cole \u00ab\u00a0Prince d&rsquo;Aloum\u00a0\u00bb \u00e0 Aloum 2 : Un effort communautaire r\u00e9ussi"},"content":{"rendered":"\n<p>L&rsquo;\u00e9cole publique&nbsp;<strong>\u00ab\u00a0Prince d&rsquo;Aloum\u00a0\u00bb<\/strong>&nbsp;\u00e0 Aloum 2 vient de conna\u00eetre une&nbsp;<strong>m\u00e9tamorphose remarquable<\/strong>, fruit d&rsquo;une&nbsp;<strong>collaboration exemplaire<\/strong>&nbsp;entre les \u00e9lites locales et la chefferie traditionnelle. Ce projet concret d\u00e9montre&nbsp;<strong>ce qu&rsquo;une communaut\u00e9 peut accomplir lorsqu&rsquo;elle unit ses forces<\/strong>&nbsp;pour le bien commun.<\/p>\n\n\n\n<hr class=\"wp-block-separator has-alpha-channel-opacity\"\/>\n\n\n\n<h3 class=\"wp-block-heading\"><strong>Une collaboration efficace<\/strong><\/h3>\n\n\n\n<p>La r\u00e9ussite de cette r\u00e9novation repose sur une&nbsp;<strong>synergie d&rsquo;actions<\/strong>&nbsp;:<\/p>\n\n\n\n<p>\u2705&nbsp;<strong>L&rsquo;engagement des cadres et professionnels<\/strong>&nbsp;originaires d&rsquo;Aloum :<\/p>\n\n\n\n<ul class=\"wp-block-list\">\n<li>Contributions financi\u00e8res et expertise technique<\/li>\n\n\n\n<li>Mobilisation des ressources mat\u00e9rielles<\/li>\n<\/ul>\n\n\n\n<p>\u2705&nbsp;<strong>Le leadership de la chefferie d&rsquo;Aloum 2<\/strong>&nbsp;:<\/p>\n\n\n\n<ul class=\"wp-block-list\">\n<li>Organisation et supervision des travaux<\/li>\n\n\n\n<li>Coordination entre les diff\u00e9rents acteurs<\/li>\n<\/ul>\n\n\n\n<p>\u2705&nbsp;<strong>La participation active des habitants<\/strong>&nbsp;:<\/p>\n\n\n\n<ul class=\"wp-block-list\">\n<li>Main-d&rsquo;\u0153uvre volontaire<\/li>\n\n\n\n<li>Implication dans la logistique<\/li>\n<\/ul>\n\n\n\n<hr class=\"wp-block-separator has-alpha-channel-opacity\"\/>\n\n\n\n<h3 class=\"wp-block-heading\"><strong>Travaux r\u00e9alis\u00e9s<\/strong><\/h3>\n\n\n\n<p>Les interventions ont permis d&rsquo;aboutir \u00e0 des&nbsp;<strong>r\u00e9sultats tangibles<\/strong>&nbsp;:<\/p>\n\n\n\n<p>\ud83c\udfeb&nbsp;<strong>R\u00e9fection compl\u00e8te des b\u00e2timents<\/strong>&nbsp;:<\/p>\n\n\n\n<ul class=\"wp-block-list\">\n<li>Peinture neuve et toitures r\u00e9nov\u00e9es<\/li>\n\n\n\n<li>R\u00e9paration des salles de classe<\/li>\n<\/ul>\n\n\n\n<p>\ud83d\udcda&nbsp;<strong>Am\u00e9lioration des \u00e9quipements scolaires<\/strong>&nbsp;:<\/p>\n\n\n\n<ul class=\"wp-block-list\">\n<li>Bancs et tables remis \u00e0 neuf<\/li>\n\n\n\n<li>Fournitures p\u00e9dagogiques suppl\u00e9mentaires<\/li>\n<\/ul>\n\n\n\n<p>\ud83c\udf3f&nbsp;<strong>Embellissement des espaces ext\u00e9rieurs<\/strong>&nbsp;:<\/p>\n\n\n\n<ul class=\"wp-block-list\">\n<li>Cour nettoy\u00e9e et am\u00e9nag\u00e9e<\/li>\n\n\n\n<li>Plantations d&rsquo;arbres pour un environnement plus vert<\/li>\n<\/ul>\n\n\n\n<hr class=\"wp-block-separator has-alpha-channel-opacity\"\/>\n\n\n\n<h3 class=\"wp-block-heading\"><strong>Une r\u00e9ussite collective<\/strong><\/h3>\n\n\n\n<p>Ce projet va bien au-del\u00e0 d&rsquo;une simple r\u00e9novation :<\/p>\n\n\n\n<p>\u2728&nbsp;<strong>Un meilleur cadre d&rsquo;apprentissage<\/strong>&nbsp;pour les \u00e9l\u00e8ves, propice \u00e0 leur r\u00e9ussite scolaire.<\/p>\n\n\n\n<p>\ud83e\udd1d&nbsp;<strong>La preuve que la coop\u00e9ration<\/strong>&nbsp;entre chefferie, \u00e9lites et population porte ses fruits.<\/p>\n\n\n\n<p>\ud83d\udca1&nbsp;<strong>Un mod\u00e8le inspirant<\/strong>&nbsp;pour de futurs projets de d\u00e9veloppement local.<\/p>\n\n\n\n<hr class=\"wp-block-separator has-alpha-channel-opacity\"\/>\n\n\n\n<h3 class=\"wp-block-heading\"><strong>Conclusion<\/strong><\/h3>\n\n\n\n<p>La r\u00e9novation de l&rsquo;\u00e9cole&nbsp;<strong>\u00ab\u00a0Prince d&rsquo;Aloum\u00a0\u00bb<\/strong>&nbsp;est bien plus qu&rsquo;un chantier achev\u00e9 : c&rsquo;est&nbsp;<strong>la d\u00e9monstration qu&rsquo;avec une volont\u00e9 commune et une bonne organisation, une communaut\u00e9 peut transformer son environnement \u00e9ducatif<\/strong>.<\/p>\n\n\n\n<p><strong>Et apr\u00e8s ?<\/strong><br>Cette belle dynamique pourrait inspirer d&rsquo;autres initiatives pour Aloum 2 !<\/p>\n\n\n\n<figure class=\"wp-block-gallery has-nested-images columns-default is-cropped wp-block-gallery-1 is-layout-flex wp-block-gallery-is-layout-flex\">\n<figure class=\"wp-block-image size-large\"><img fetchpriority=\"high\" decoding=\"async\" width=\"1024\" height=\"768\" data-id=\"332\" src=\"https:\/\/aloum2.afrimvoe.net\/wp-content\/uploads\/2025\/04\/ecole1-1024x768.jpg\" alt=\"\" class=\"wp-image-332\" srcset=\"https:\/\/aloum2.afrimvoe.net\/wp-content\/uploads\/2025\/04\/ecole1-1024x768.jpg 1024w, https:\/\/aloum2.afrimvoe.net\/wp-content\/uploads\/2025\/04\/ecole1-300x225.jpg 300w, https:\/\/aloum2.afrimvoe.net\/wp-content\/uploads\/2025\/04\/ecole1-768x576.jpg 768w, https:\/\/aloum2.afrimvoe.net\/wp-content\/uploads\/2025\/04\/ecole1.jpg 1040w\" sizes=\"(max-width: 1024px) 100vw, 1024px\" \/><\/figure>\n<\/figure>\n\n\n\n<figure class=\"wp-block-gallery has-nested-images columns-default is-cropped wp-block-gallery-2 is-layout-flex wp-block-gallery-is-layout-flex\">\n<figure class=\"wp-block-image size-large\"><img decoding=\"async\" width=\"1024\" height=\"768\" data-id=\"333\" src=\"https:\/\/aloum2.afrimvoe.net\/wp-content\/uploads\/2025\/04\/ecole2-1024x768.jpg\" alt=\"\" class=\"wp-image-333\" srcset=\"https:\/\/aloum2.afrimvoe.net\/wp-content\/uploads\/2025\/04\/ecole2-1024x768.jpg 1024w, https:\/\/aloum2.afrimvoe.net\/wp-content\/uploads\/2025\/04\/ecole2-300x225.jpg 300w, https:\/\/aloum2.afrimvoe.net\/wp-content\/uploads\/2025\/04\/ecole2-768x576.jpg 768w, https:\/\/aloum2.afrimvoe.net\/wp-content\/uploads\/2025\/04\/ecole2.jpg 1040w\" sizes=\"(max-width: 1024px) 100vw, 1024px\" \/><\/figure>\n<\/figure>\n","protected":false},"excerpt":{"rendered":"<p>L&rsquo;\u00e9cole publique&nbsp;\u00ab\u00a0Prince d&rsquo;Aloum\u00a0\u00bb&nbsp;\u00e0 Aloum 2 vient de conna\u00eetre une&nbsp;m\u00e9tamorphose remarquable, fruit d&rsquo;une&nbsp;collaboration exemplaire&nbsp;entre les \u00e9lites locales et la chefferie traditionnelle. Ce projet concret d\u00e9montre&nbsp;ce qu&rsquo;une communaut\u00e9 peut accomplir lorsqu&rsquo;elle unit ses forces&nbsp;pour le bien commun. Une collaboration efficace La r\u00e9ussite de cette r\u00e9novation repose sur une&nbsp;synergie d&rsquo;actions&nbsp;: \u2705&nbsp;L&rsquo;engagement des cadres et professionnels&nbsp;originaires d&rsquo;Aloum : \u2705&nbsp;Le leadership de la chefferie d&rsquo;Aloum [&hellip;]<\/p>\n","protected":false},"author":1,"featured_media":331,"comment_status":"open","ping_status":"open","sticky":false,"template":"","format":"standard","meta":{"footnotes":""},"categories":[37],"tags":[32,38,39],"class_list":["post-330","post","type-post","status-publish","format-standard","has-post-thumbnail","hentry","category-education","tag-aloum-ii","tag-communaute-unie","tag-education"],"_links":{"self":[{"href":"https:\/\/aloum2.afrimvoe.net\/index.php\/wp-json\/wp\/v2\/posts\/330","targetHints":{"allow":["GET"]}}],"collection":[{"href":"https:\/\/aloum2.afrimvoe.net\/index.php\/wp-json\/wp\/v2\/posts"}],"about":[{"href":"https:\/\/aloum2.afrimvoe.net\/index.php\/wp-json\/wp\/v2\/types\/post"}],"author":[{"embeddable":true,"href":"https:\/\/aloum2.afrimvoe.net\/index.php\/wp-json\/wp\/v2\/users\/1"}],"replies":[{"embeddable":true,"href":"https:\/\/aloum2.afrimvoe.net\/index.php\/wp-json\/wp\/v2\/comments?post=330"}],"version-history":[{"count":1,"href":"https:\/\/aloum2.afrimvoe.net\/index.php\/wp-json\/wp\/v2\/posts\/330\/revisions"}],"predecessor-version":[{"id":334,"href":"https:\/\/aloum2.afrimvoe.net\/index.php\/wp-json\/wp\/v2\/posts\/330\/revisions\/334"}],"wp:featuredmedia":[{"embeddable":true,"href":"https:\/\/aloum2.afrimvoe.net\/index.php\/wp-json\/wp\/v2\/media\/331"}],"wp:attachment":[{"href":"https:\/\/aloum2.afrimvoe.net\/index.php\/wp-json\/wp\/v2\/media?parent=330"}],"wp:term":[{"taxonomy":"category","embeddable":true,"href":"https:\/\/aloum2.afrimvoe.net\/index.php\/wp-json\/wp\/v2\/categories?post=330"},{"taxonomy":"post_tag","embeddable":true,"href":"https:\/\/aloum2.afrimvoe.net\/index.php\/wp-json\/wp\/v2\/tags?post=330"}],"curies":[{"name":"wp","href":"https:\/\/api.w.org\/{rel}","templated":true}]}}